{"id":242085,"date":"2022-03-06T14:30:25","date_gmt":"2022-03-06T14:30:25","guid":{"rendered":"https:\/\/www.warstoriesukraine.com\/?p=242085"},"modified":"2022-03-20T15:51:28","modified_gmt":"2022-03-20T15:51:28","slug":"chapu-ze-je-to-genocida-oleksandr-34-charkiv","status":"publish","type":"post","link":"https:\/\/www.warstoriesukraine.com\/cs\/chapu-ze-je-to-genocida-oleksandr-34-charkiv\/","title":{"rendered":"\u201eCh\u00e1pu, \u017ee je to genocida\u201c, Oleksandr, 34, Charkiv"},"content":{"rendered":"<p style=\"text-align: right;\"><i><span style=\"font-weight: 400;\">Illustrated by Lyubov Myau<\/span><\/i><\/p>\n<p><span style=\"font-weight: 400;\">Oleksandr \u0160amraj, kter\u00e9mu je te\u010f 34 let, se narodil v Luhansk\u00e9 oblasti. Roku 2009 p\u0159i\u0161el do Charkova a u\u017e tu z\u016fstal. Povolan\u00edm je um\u011bleck\u00fd socha\u0159 a \u0159ezb\u00e1\u0159. Te\u010f se Oleksandr sna\u017e\u00ed p\u0159e\u017e\u00edt a zachr\u00e1nit bl\u00edzk\u00e9, kte\u0159\u00ed na\u0161li \u00fato\u010di\u0161t\u011b v jednom z charkovsk\u00fdch kryt\u016f. <\/span><\/p>\n<blockquote><p><span style=\"font-weight: 400;\">\u201eBylo to nejdel\u0161\u00edch \u0161est dn\u016f v m\u00e9m \u017eivot\u011b. M\u00e1m velkou rodinu, jsou v n\u00ed d\u011bti i sta\u0159\u00ed lid\u00e9. Dr\u017e\u00edme se, v p\u0159est\u00e1vk\u00e1ch mezi ost\u0159elov\u00e1n\u00edm se sna\u017e\u00edme n\u011bco d\u011blat, p\u0159ipravujeme j\u00eddlo, chyst\u00e1me v\u011bci. Prob\u00edr\u00e1me, co budeme d\u011blat v p\u0159\u00edpad\u011b ost\u0159elov\u00e1n\u00ed, za\u0159izujeme sklep na\u0161eho domu, i kdy\u017e nev\u011b\u0159\u00edm, \u017ee by n\u00e1s moc ochr\u00e1nil.\u201c<\/span><\/p><\/blockquote>\n<p><span style=\"font-weight: 400;\">Ka\u017edodenn\u00ed z\u00e1le\u017eitosti rozptyluj\u00ed a umo\u017e\u0148uj\u00ed v\u00e1lku n\u011bjak p\u0159e\u017e\u00edt. Lid\u00e9 si u\u017e zvykli po\u0159\u00e1d naslouchat. Ticho neuklid\u0148uje, proto\u017ee nen\u00ed jist\u00e9, co p\u0159ijde po n\u011bm. Je t\u011b\u017ek\u00e9 p\u0159estat sledovat zpr\u00e1vy, i kdy\u017e se \u010dlov\u011bku z t\u011bch informac\u00ed mot\u00e1 hlava. Lid\u00e9 po\u0159\u00e1d \u010dekaj\u00ed na n\u011bjakou dobrou zpr\u00e1vu. \u201eSamoz\u0159ejm\u011b, \u017ee lid\u00e9 jsou vyd\u011b\u0161en\u00ed. Nech\u00e1pou, \u010d\u00edm si to zaslou\u017eili. V\u0161ude vladne velk\u00e9 nervov\u00e9 nap\u011bt\u00ed. V\u0161ichni \u010dekaj\u00ed, a\u017e p\u0159ijde vyjedn\u00e1v\u00e1n\u00ed a p\u0159\u00edm\u011b\u0159\u00ed,\u201c \u0159\u00edk\u00e1 Oleksandr.<\/span><\/p>\n<p><span style=\"font-weight: 400;\">M\u00e1 p\u0159\u00edbuzn\u00e9 v okupovan\u00e9m Donbasu. \u0158\u00edk\u00e1, \u017ee n\u011bkte\u0159\u00ed se schov\u00e1vaj\u00ed, jin\u00e9 ale chytli a poslali do v\u00e1lky.<\/span><\/p>\n<p><span style=\"font-weight: 400;\">Oleksandr po\u0159\u00e1d p\u0159em\u00fd\u0161l\u00ed o odjezdu, te\u010f je to ale nemo\u017en\u00e9. S\u00e1m vychov\u00e1v\u00e1 dceru, pe\u010duje o star\u00e9 rodi\u010de a nikoho z nich nem\u016f\u017ee nechat ve m\u011bst\u011b. D\u011bkuje Bohu, \u017ee jeho d\u016fm, oby\u010dejn\u00fd \u010dty\u0159patrov\u00fd panel\u00e1k, nen\u00ed dot\u010den v\u00fdbuchy. Pl\u00e1novat cokoli v del\u0161\u00edm \u010dasov\u00e9m horizontu ne\u017e jeden den je t\u011b\u017ek\u00e9. \u201eCh\u00e1pu, \u017ee je to genocida. A, i kdy\u017e je to zvl\u00e1\u0161tn\u00ed, lituju lidi s vymyt\u00fdm mozkem,\u201c uva\u017euje Oleksandr.<\/span><\/p>\n<p><span style=\"font-weight: 400;\">Hned v prvn\u00ed den v\u00e1lky mu b\u00fdval\u00fd spolu\u017e\u00e1k napsal zpr\u00e1vu, plnou rusk\u00fdch propagandistick\u00fdch kli\u0161\u00e9. \u201eSa\u0161o, nem\u016f\u017eu v\u011b\u0159it ukrajinsk\u00fdm zpr\u00e1v\u00e1m. Zelenskyj je americk\u00e1 loutka. Amerika je zem\u011b parazit, v\u0161ude jen p\u0159il\u00e9v\u00e1 olej do ohn\u011b.\u201c<\/span><\/p>\n<p><span style=\"font-weight: 400;\">\u201e\u010c\u00edst ty sra\u010dky bylo k pl\u00e1\u010di. Jinak je ale v\u0161echno v po\u0159\u00e1dku, v\u00edt\u011bzstv\u00ed bude na\u0161e!\u201c p\u00ed\u0161e mi Oleksandr a odpojuje se, aby se p\u0159ipravil na dal\u0161\u00ed noc ve m\u011bst\u011b zachv\u00e1cen\u00e9m v\u00e1lkou.<\/span><\/p>\n","protected":false},"excerpt":{"rendered":"<p>Illustrated by Lyubov Myau Oleksandr \u0160amraj, kter\u00e9mu je te\u010f 34 let, se narodil v Luhansk\u00e9 oblasti. Roku 2009 p\u0159i\u0161el do Charkova a u\u017e tu z\u016fstal. Povolan\u00edm je um\u011bleck\u00fd socha\u0159 a \u0159ezb\u00e1\u0159. Te\u010f se Oleksandr sna\u017e\u00ed p\u0159e\u017e\u00edt a zachr\u00e1nit bl\u00edzk\u00e9, kte\u0159\u00ed na\u0161li \u00fato\u010di\u0161t\u011b v jednom z charkovsk\u00fdch kryt\u016f. \u201eBylo to nejdel\u0161\u00edch \u0161est dn\u016f v m\u00e9m \u017eivot\u011b. [&hellip;]<\/p>\n","protected":false},"author":31,"featured_media":242062,"comment_status":"open","ping_status":"open","sticky":false,"template":"","format":"standard","meta":{"_et_pb_use_builder":"","_et_pb_old_content":"","_et_gb_content_width":"","_links_to":"","_links_to_target":""},"categories":[77,62],"tags":[],"_links":{"self":[{"href":"https:\/\/www.warstoriesukraine.com\/cs\/wp-json\/wp\/v2\/posts\/242085"}],"collection":[{"href":"https:\/\/www.warstoriesukraine.com\/cs\/wp-json\/wp\/v2\/posts"}],"about":[{"href":"https:\/\/www.warstoriesukraine.com\/cs\/wp-json\/wp\/v2\/types\/post"}],"author":[{"embeddable":true,"href":"https:\/\/www.warstoriesukraine.com\/cs\/wp-json\/wp\/v2\/users\/31"}],"replies":[{"embeddable":true,"href":"https:\/\/www.warstoriesukraine.com\/cs\/wp-json\/wp\/v2\/comments?post=242085"}],"version-history":[{"count":2,"href":"https:\/\/www.warstoriesukraine.com\/cs\/wp-json\/wp\/v2\/posts\/242085\/revisions"}],"predecessor-version":[{"id":242087,"href":"https:\/\/www.warstoriesukraine.com\/cs\/wp-json\/wp\/v2\/posts\/242085\/revisions\/242087"}],"wp:featuredmedia":[{"embeddable":true,"href":"https:\/\/www.warstoriesukraine.com\/cs\/wp-json\/wp\/v2\/media\/242062"}],"wp:attachment":[{"href":"https:\/\/www.warstoriesukraine.com\/cs\/wp-json\/wp\/v2\/media?parent=242085"}],"wp:term":[{"taxonomy":"category","embeddable":true,"href":"https:\/\/www.warstoriesukraine.com\/cs\/wp-json\/wp\/v2\/categories?post=242085"},{"taxonomy":"post_tag","embeddable":true,"href":"https:\/\/www.warstoriesukraine.com\/cs\/wp-json\/wp\/v2\/tags?post=242085"}],"curies":[{"name":"wp","href":"https:\/\/api.w.org\/{rel}","templated":true}]}}