{"id":243082,"date":"2022-03-21T15:05:33","date_gmt":"2022-03-21T15:05:33","guid":{"rendered":"https:\/\/www.warstoriesukraine.com\/ill-do-more-good-things-where-i-am-now-where-should-i-go-oleksandr-zakletskyi-43-kyiv\/"},"modified":"2022-03-27T15:16:42","modified_gmt":"2022-03-27T15:16:42","slug":"ill-do-more-good-things-where-i-am-now-where-should-i-go-oleksandr-zakletskyi-43-kyiv","status":"publish","type":"post","link":"https:\/\/www.warstoriesukraine.com\/cs\/ill-do-more-good-things-where-i-am-now-where-should-i-go-oleksandr-zakletskyi-43-kyiv\/","title":{"rendered":"\u201cTady budu v\u00edce u\u017eite\u010dn\u00fd. Kam m\u00e1m j\u00edt?\u201d, Oleksandr Zakletskyj, 43 let, Kyjev"},"content":{"rendered":"<p>&nbsp;<\/p>\n<p><span style=\"font-weight: 300;\">Oleksandru Zakletskemu je 43 let. Te\u010f br\u00e1n\u00ed m\u011bsto spolu s teritori\u00e1ln\u00ed obranou Kyjeva.\u00a0<\/span><\/p>\n<p><span style=\"font-weight: 300;\">\u0158\u00edk\u00e1, \u017ee u\u017e v roce 2008 pochopil, \u017ee bude v\u00e1lka: kdy\u017e Rusko napadlo Gruzii, dal\u0161\u00ed zem\u011b na \u0159ad\u011b musela b\u00fdt Ukrajina.<\/span><\/p>\n<p><span style=\"font-weight: 300;\">Oleksandr pat\u0159\u00ed k aktivist\u016fm Majdanu. V roce 2014, kdy Rusko anektovalo Krym a za\u010dalo \u00fato\u010dit na v\u00fdchodn\u00ed \u010d\u00e1st Ukrajiny, nemohl j\u00edt bojovat kv\u016fli mat\u010din\u011b nemoci. \u0160el ale na vojensk\u00e9 u\u010den\u00ed a aktivn\u011b se zab\u00fdval kulturn\u00ed diplomacii.\u00a0\u00a0\u00a0<\/span><\/p>\n<p><span style=\"font-weight: 300;\">V roce 2022 m\u011bl v pl\u00e1nu vyplout na ledoborci Noosf\u00e9ra k Antarktid\u011b jako tiskov\u00fd mluv\u010d\u00ed a mo\u0159sk\u00fd ekolog v organizaci pro zkoum\u00e1n\u00ed podmo\u0159sk\u00e9ho sv\u011bta. Nestihl ale po\u0159\u00eddit nezbytn\u00e9 dokumenty. Kdy\u017e za\u010dala v\u00e1lka, byl v Kyjev\u011b.\u00a0\u00a0\u00a0<\/span><\/p>\n<blockquote><p><span style=\"font-weight: 300;\">\u201cKdy\u017e se to stalo \u2013 tak to m\u00e1 b\u00fdt. Tady budu v\u00edce u\u017eite\u010dn\u00fd. Nav\u00edc, jednou m\u00e1 zn\u00e1m\u00e1 \u0159ekla, \u017ee pat\u0159\u00edm ke stra\u017ec\u016fm Kyjeva. Tak\u017ee kam bych m\u011bl j\u00edt? A pro\u010d?\u201d \u2013 \u0159\u00edk\u00e1.<\/span><\/p><\/blockquote>\n<p><span style=\"font-weight: 300;\">Prvn\u00ed dny v\u00e1lky byly nejt\u011b\u017e\u0161\u00ed. Stres byl tak obrovsk\u00fd, \u017ee jsem nemohl j\u00edst. Hned druh\u00fd den se ale kontaktoval z kamar\u00e1dy z teritori\u00e1ln\u00ed obrany a p\u0159ipojil se k nim.\u00a0<\/span><\/p>\n<p><span style=\"font-weight: 300;\">Te\u010f dny vypadaj\u00ed takhle: vst\u00e1v\u00e1 v 6:30, d\u00e1 si sn\u00eddani a dostane od velitele seznam \u00fakol\u016f pro dne\u0161n\u00ed den.<\/span><\/p>\n<p><span style=\"font-weight: 300;\">\u201cMoc mi pom\u00e1h\u00e1, \u017ee jsem 8 let pracoval v art &#8211; galerii. Proto pro mn\u011b netrivi\u00e1ln\u00ed \u00fakoly neexistuj\u00ed. D\u0159\u00edv jsem to m\u011bl tak, \u017ee: jeden den po\u0159\u00e1d\u00e1m vernis\u00e1\u017e v paradn\u00edm obleku a druh\u00fd den opravuju kanalizaci. Stejn\u011b r\u016fzn\u00e9 \u00fakoly m\u00e1m i te\u010f. Mimo pr\u00e1ci na kontroln\u00edch bodech a humanit\u00e1rn\u00ed pomoc, zaopat\u0159ujeme kryty, aby se tam dalo p\u0159eb\u00fdvat d\u00e9le. Co\u017e vy\u017eaduje dobrou fyzi\u010dku, ale i soci\u00e1ln\u00ed dovednost. Nap\u0159\u00edklad, k takov\u00fdmhle m\u00edst\u016fm je pot\u0159eba dod\u00e1vat elekt\u0159inu. Na\u0161el jsem kontakt na energetickou firmu a brzy jsme dostaly nezbytn\u00fd silov\u00fd kabel. Nebo takov\u00e1 \u201cmali\u010dkost\u201d, jako jsou profesion\u00e1ln\u00ed kuchy\u0148sk\u00e9 no\u017ee pro kuchy\u0148 teritori\u00e1ln\u00ed obrany. Dostal jsem je p\u0159es zn\u00e1m\u00e9 restaur\u00e1tory a par\u00e1da \u2013 j\u00eddlo se te\u010f p\u0159ipravuje snadn\u011bji a rychleji. Mohlo by se zd\u00e1t, \u017ee tohle v\u0161echno nen\u00ed d\u016fle\u017eit\u00e9 v kontrastu s tragick\u00fdmi ud\u00e1lostmi. Ale komfort na v\u0161ech \u00farovn\u00edch uvol\u0148uje pak hodn\u011b energie pro obranu, aktivn\u00ed \u010diny a nad\u011bji. A to je z\u00e1sadn\u00ed pro v\u00edt\u011bzstv\u00ed. M\u00e1m spoustu kontakt\u016f \u2013 od servisu \u010di\u0161t\u011bn\u00ed rour po v\u00fdrobce baletn\u00edch \u0161pi\u010dek. A b\u011bhem v\u00e1lky vyu\u017eil jsem skoro v\u0161echny. Nikdy nev\u00ed\u0161, \u010d\u00ed unik\u00e1tn\u00ed dovednost bude pot\u0159ebn\u00e1 z\u00edtra\u201d.\u00a0<\/span><\/p>\n<p><img loading=\"lazy\" class=\"size-medium wp-image-243062 aligncenter\" src=\"https:\/\/www.warstoriesukraine.com\/wp-content\/uploads\/2022\/03\/274915124_1598055277232542_6407633592716272095_n-300x258.jpg\" alt=\"\" width=\"300\" height=\"258\" \/><\/p>\n<p><span style=\"font-weight: 300;\">Oleksandr \u0159\u00edk\u00e1, \u017ee takovouhle pospolitost ukrajinc\u016f vid\u011bl jen na Majdan\u011b. V tu dobu p\u0159i\u0161la za n\u00edm star\u00e1 pan\u00ed. Nem\u011bla sil na protesty, ale p\u0159inesla uva\u0159en\u00e9 brambory s cibul\u00ed.<\/span><\/p>\n<p><span style=\"font-weight: 300;\">Te\u010f je to stejn\u011b \u2013 v\u0161ichni pom\u00e1haj\u00ed, jak m\u016f\u017eou. V\u0161ichni \u010din\u00ed odpor. \u201cJestli je B\u016fh l\u00e1ska, c\u00edtili jsme na Majdanu d\u00fdch\u00e1n\u00ed Bo\u017e\u00ed. A te\u010f zase c\u00edt\u00edme d\u00fdch\u00e1n\u00ed Bo\u017e\u00ed. To, jak p\u0159ed nebezpe\u010d\u00ed ukrajinci stav\u00ed vesel\u00ed a hn\u011bv, jak se um\u00ed v d\u011bsiv\u00fdch okam\u017eic\u00edch m\u00edt navz\u00e1jem r\u00e1di a pom\u00e1hat jak mohou \u2013 d\u00e1v\u00e1 inspiraci v\u0161em obranc\u016fm\u201d.\u00a0\u00a0\u00a0<\/span><\/p>\n<p><span style=\"font-weight: 300;\">Oleksandr m\u00e1 t\u0159i sny, kter\u00e9 si chce splnit po v\u00edt\u011bzstv\u00ed.\u00a0<\/span><\/p>\n<p><span style=\"font-weight: 300;\">Prvn\u00ed: nav\u0161t\u00edvit ostrov Zmijnyj a spat\u0159it tam nov\u00fd chr\u00e1m \u201cPantheon\u201d s t\u0159in\u00e1cti pohrani\u010dn\u00edmi voj\u00e1ky. \u201cProto\u017ee to je na\u0161ich 300 spar\u0165an\u016f. A na b\u00edl\u00e9m mramo\u0159e bude naps\u00e1no: \u201cRusk\u00e1 v\u00e1le\u010dn\u00e1 lodi, jdi do prdele\u201d.\u00a0<\/span><\/p>\n<p><span style=\"font-weight: 300;\">Druh\u00fd: vr\u00e1tit se na ukrajinsk\u00fd Krym a d\u00e1t si na ho\u0159e Karadah zelen\u00fd \u010daj z krymsko &#8211; tatarsk\u00e9 hlin\u011bn\u00e9 misky.\u00a0<\/span><\/p>\n<p><span style=\"font-weight: 300;\">A t\u0159et\u00ed: nasadit si neuv\u011b\u0159iteln\u011b p\u011bkn\u00fd klobouk a obejmout v\u0161echny kamar\u00e1dy b\u011bhem Kni\u017en\u00edho Arsenalu &#8211; liter\u00e1rn\u00edho festivalu v Kyjev\u011b.<\/span><\/p>\n","protected":false},"excerpt":{"rendered":"<p>&nbsp; Oleksandru Zakletskemu je 43 let. Te\u010f br\u00e1n\u00ed m\u011bsto spolu s teritori\u00e1ln\u00ed obranou Kyjeva.\u00a0 \u0158\u00edk\u00e1, \u017ee u\u017e v roce 2008 pochopil, \u017ee bude v\u00e1lka: kdy\u017e Rusko napadlo Gruzii, dal\u0161\u00ed zem\u011b na \u0159ad\u011b musela b\u00fdt Ukrajina. Oleksandr pat\u0159\u00ed k aktivist\u016fm Majdanu. V roce 2014, kdy Rusko anektovalo Krym a za\u010dalo \u00fato\u010dit na v\u00fdchodn\u00ed \u010d\u00e1st Ukrajiny, nemohl [&hellip;]<\/p>\n","protected":false},"author":10,"featured_media":243064,"comment_status":"open","ping_status":"open","sticky":false,"template":"","format":"standard","meta":{"_et_pb_use_builder":"","_et_pb_old_content":"","_et_gb_content_width":"","_links_to":"","_links_to_target":""},"categories":[157,62],"tags":[],"_links":{"self":[{"href":"https:\/\/www.warstoriesukraine.com\/cs\/wp-json\/wp\/v2\/posts\/243082"}],"collection":[{"href":"https:\/\/www.warstoriesukraine.com\/cs\/wp-json\/wp\/v2\/posts"}],"about":[{"href":"https:\/\/www.warstoriesukraine.com\/cs\/wp-json\/wp\/v2\/types\/post"}],"author":[{"embeddable":true,"href":"https:\/\/www.warstoriesukraine.com\/cs\/wp-json\/wp\/v2\/users\/10"}],"replies":[{"embeddable":true,"href":"https:\/\/www.warstoriesukraine.com\/cs\/wp-json\/wp\/v2\/comments?post=243082"}],"version-history":[{"count":2,"href":"https:\/\/www.warstoriesukraine.com\/cs\/wp-json\/wp\/v2\/posts\/243082\/revisions"}],"predecessor-version":[{"id":243084,"href":"https:\/\/www.warstoriesukraine.com\/cs\/wp-json\/wp\/v2\/posts\/243082\/revisions\/243084"}],"wp:featuredmedia":[{"embeddable":true,"href":"https:\/\/www.warstoriesukraine.com\/cs\/wp-json\/wp\/v2\/media\/243064"}],"wp:attachment":[{"href":"https:\/\/www.warstoriesukraine.com\/cs\/wp-json\/wp\/v2\/media?parent=243082"}],"wp:term":[{"taxonomy":"category","embeddable":true,"href":"https:\/\/www.warstoriesukraine.com\/cs\/wp-json\/wp\/v2\/categories?post=243082"},{"taxonomy":"post_tag","embeddable":true,"href":"https:\/\/www.warstoriesukraine.com\/cs\/wp-json\/wp\/v2\/tags?post=243082"}],"curies":[{"name":"wp","href":"https:\/\/api.w.org\/{rel}","templated":true}]}}