{"id":242124,"date":"2022-03-03T16:20:28","date_gmt":"2022-03-03T16:20:28","guid":{"rendered":"https:\/\/www.warstoriesukraine.com\/?p=242124"},"modified":"2022-03-20T16:33:14","modified_gmt":"2022-03-20T16:33:14","slug":"men-nu-er-jeg-stolt-af-at-vaere-ukrainer-taras-23-donetsk-zhytomyr","status":"publish","type":"post","link":"https:\/\/www.warstoriesukraine.com\/da\/men-nu-er-jeg-stolt-af-at-vaere-ukrainer-taras-23-donetsk-zhytomyr\/","title":{"rendered":"\u201dMen nu er jeg stolt af at v\u00e6re ukrainer\u201d, Taras, 23, Donetsk \u2014 Zhytomyr"},"content":{"rendered":"<p><span style=\"font-weight: 400;\">Taras er n\u00e6sten 23. For en uge siden begyndte krigen for anden gang for ham.<\/span><\/p>\n<p><span style=\"font-weight: 400;\">I 2014 var han en teenager der gik i skole i Donetsk, s\u00e5 Anim\u00e9 og l\u00e6ste Fantacy. Efter den s\u00e5kaldte folkeafstemning om Folkerepublikken Donetsks\u2019 uafh\u00e6ngighed og starten p\u00e5 kamphandlinger, blev han n\u00f8dsaget til at forlade sin hjemby.<\/span><\/p>\n<p><span style=\"font-weight: 400;\">\u201dFor mig var den st\u00f8rste krigstragedie at forlade min by uden for alvor at sige farvel. Jeg troede, vi kom tilbage til Donetsk snart,\u201d sagde han.<\/span><\/p>\n<p><span style=\"font-weight: 400;\">I begyndelsen fortalte Taras\u2019 for\u00e6ldre ham, at de kun skulle bes\u00f8ge familie i Vinnytsia. Men hans familie kom ikke tilbage. Senere kom Taras til Zhytomyr.<\/span><\/p>\n<p><span style=\"font-weight: 400;\">For en uge siden, d.24.2. v\u00e5gnede han op af en eksplosion i en tidligere stille by langt fra gr\u00e6nsen, nu igen med bes\u00e6ttelsesmagten. \u201dMin f\u00f8rste tanke var, at en granat var blevet detoneret t\u00e6t p\u00e5.\u201d S\u00e5 tog han sin telefon og scrollede hans feed som s\u00e6dvanlig. Det viste sig at Putin havde startet en fuld skala krig.<\/span><\/p>\n<blockquote><p><span style=\"font-weight: 400;\">\u201dJeg troede sikkert ikke p\u00e5 invasionen. Da russerne bragte deres tropper til gr\u00e6nsen, \u00f8nskede vi alle at tro, at det bare var intimidering. Det er sv\u00e6rt at tro, at de virkelig kan angribe dit land &#8211; bare s\u00e5dan.\u201d<\/span><\/p><\/blockquote>\n<p><span style=\"font-weight: 400;\">P\u00e5 den f\u00f8rste dag kunne han slet ikke spise. Han ringede til alle sine venner og spurgte hvordan de havde det. Han gik ikke i panik, men kunne ikke holde op med at ryste og stoppe sin nerv\u00f8sitet. B\u00e5de puls og blodtryk oversteg det normale niveau.<\/span><\/p>\n<p><span style=\"font-weight: 400;\">F\u00f8rst t\u00e6nkte han p\u00e5 at forlade byen. Hans familiemedlemmer fra Lviv tilb\u00f8d ham at komme der, og s\u00e5 m\u00e5ske flytte til Polen. S\u00e5 s\u00e5 han folk omkring sig forene sig, fordi de stod ansigt til ansigt med en trussel. Nogle tilsluttede sig h\u00e6ren andre blev frivillige.<\/span><\/p>\n<p><span style=\"font-weight: 400;\">\u201dDet inspirerer dig. Du forst\u00e5r, at selv om du g\u00f8r lidt og d\u00f8r, vil du d\u00f8 som en mand af en nation af helte.\u201d<\/span><\/p>\n<p><span style=\"font-weight: 400;\">Taras er medlem af Ukraines liberale demokratiske liga, en organisation med partnere i mange europ\u00e6iske lande. Siden begyndelsen af krigen, har de opmuntret deres partnere til at l\u00e6gge pres p\u00e5 deres regeringer for at p\u00e5l\u00e6gge den angribende part de skrappeste sanktioner.<\/span><\/p>\n<p><span style=\"font-weight: 400;\">Den unge mand hj\u00e6lper ogs\u00e5 byen, han bygger barrikader for at forhindre bes\u00e6ttelsesmagten i at n\u00e5 Ukraines hovedstad gennem Zhytomyr.<\/span><\/p>\n<p><span style=\"font-weight: 400;\">Taras siger at krigen har f\u00e5et alting til at h\u00e6nge sammen. \u201dHelt \u00e6rligt, jeg plejede at beundre andre nationer. Jeg troede de var bedre end os, men nu er jeg stolt af at v\u00e6re ukrainer.<\/span><\/p>\n","protected":false},"excerpt":{"rendered":"<p>Taras er n\u00e6sten 23. For en uge siden begyndte krigen for anden gang for ham. I 2014 var han en teenager der gik i skole i Donetsk, s\u00e5 Anim\u00e9 og l\u00e6ste Fantacy. Efter den s\u00e5kaldte folkeafstemning om Folkerepublikken Donetsks\u2019 uafh\u00e6ngighed og starten p\u00e5 kamphandlinger, blev han n\u00f8dsaget til at forlade sin hjemby. \u201dFor mig var [&hellip;]<\/p>\n","protected":false},"author":21,"featured_media":242106,"comment_status":"open","ping_status":"open","sticky":false,"template":"","format":"standard","meta":{"_et_pb_use_builder":"","_et_pb_old_content":"","_et_gb_content_width":"","_links_to":"","_links_to_target":""},"categories":[497,95,518],"tags":[],"_links":{"self":[{"href":"https:\/\/www.warstoriesukraine.com\/da\/wp-json\/wp\/v2\/posts\/242124"}],"collection":[{"href":"https:\/\/www.warstoriesukraine.com\/da\/wp-json\/wp\/v2\/posts"}],"about":[{"href":"https:\/\/www.warstoriesukraine.com\/da\/wp-json\/wp\/v2\/types\/post"}],"author":[{"embeddable":true,"href":"https:\/\/www.warstoriesukraine.com\/da\/wp-json\/wp\/v2\/users\/21"}],"replies":[{"embeddable":true,"href":"https:\/\/www.warstoriesukraine.com\/da\/wp-json\/wp\/v2\/comments?post=242124"}],"version-history":[{"count":2,"href":"https:\/\/www.warstoriesukraine.com\/da\/wp-json\/wp\/v2\/posts\/242124\/revisions"}],"predecessor-version":[{"id":242126,"href":"https:\/\/www.warstoriesukraine.com\/da\/wp-json\/wp\/v2\/posts\/242124\/revisions\/242126"}],"wp:featuredmedia":[{"embeddable":true,"href":"https:\/\/www.warstoriesukraine.com\/da\/wp-json\/wp\/v2\/media\/242106"}],"wp:attachment":[{"href":"https:\/\/www.warstoriesukraine.com\/da\/wp-json\/wp\/v2\/media?parent=242124"}],"wp:term":[{"taxonomy":"category","embeddable":true,"href":"https:\/\/www.warstoriesukraine.com\/da\/wp-json\/wp\/v2\/categories?post=242124"},{"taxonomy":"post_tag","embeddable":true,"href":"https:\/\/www.warstoriesukraine.com\/da\/wp-json\/wp\/v2\/tags?post=242124"}],"curies":[{"name":"wp","href":"https:\/\/api.w.org\/{rel}","templated":true}]}}